{"id":80544,"date":"2020-06-23T21:48:26","date_gmt":"2020-06-23T19:48:26","guid":{"rendered":"https:\/\/krisztinasiska.com\/iwm\/?p=80544"},"modified":"2020-07-02T09:27:33","modified_gmt":"2020-07-02T07:27:33","slug":"kuba-editorial","status":"publish","type":"post","link":"https:\/\/krisztinasiska.com\/iwm\/kuba-editorial\/","title":{"rendered":"Kuba editorial"},"content":{"rendered":"<p>[vc_row][vc_column width=&#8221;1\/1&#8243;][vc_column_text]<\/p>\n<blockquote><p>Ez a Kuba inspir\u00e1lta fot\u00f3sorozat volt az els\u0151 olyan (vizsga)munk\u00e1m, amibe mindenest\u00fcl beleszerettem.<\/p><\/blockquote>\n<p>\u00c9s hogy mi\u00e9rt Kuba?<\/p>\n<p>Mert jellegzetesen ambivalens.<\/p>\n<p>Az \u00e9vtizedekig tart\u00f3 folyamatos dekonjukt\u00fara konkr\u00e9tan felfalta az orsz\u00e1got. Ezzel szemben a t\u00e9rs\u00e9g ide\u00e1lis kl\u00edm\u00e1ja, a sz\u00ednes, egykor gy\u00f6ny\u00f6r\u0171, de m\u00e1ra m\u00e1r omladoz\u00f3 \u00e9p\u00fcletek romantik\u00e1ja, a megh\u00f6kkent\u0151 volumen\u0171 street art \u00e9s a m\u00e9lyszeg\u00e9nys\u00e9gben \u00e9l\u0151 kubaiak elk\u00e9peszt\u0151 st\u00edlus\u00e9rz\u00e9ke egy\u00fctt mark\u00e1nsan karakteriz\u00e1lja a t\u00e1rsadalmat.<\/p>\n<p>A helyiek portr\u00e9in \u00e9s a street fot\u00f3kon visszak\u00f6sz\u00f6n\u0151, sz\u00e1mos esetben n\u00e9pi viselettel elegy\u00edtett laza, vag\u00e1ny st\u00edlus az \u00e9n szememben nagyon korrekt. Ezzel a fot\u00f3sorozattal azt mutatom meg, hogy mi t\u00f6rt\u00e9nik akkor, ha a kubai men\u0151s\u00e9gbe egy kev\u00e9s kifinomults\u00e1got injekt\u00e1lunk.[\/vc_column_text][\/vc_column][\/vc_row][vc_row unlock_row_content=&#8221;yes&#8221; row_height_percent=&#8221;0&#8243; overlay_alpha=&#8221;50&#8243; gutter_size=&#8221;3&#8243; column_width_percent=&#8221;100&#8243; shift_y=&#8221;0&#8243; z_index=&#8221;0&#8243;][vc_column width=&#8221;1\/1&#8243;][vc_gallery el_id=&#8221;gallery-866258&#8243; type=&#8221;carousel&#8221; medias=&#8221;80545,80546,80553,80547,80548,80549,80551,80552,80550&#8243; carousel_lg=&#8221;3&#8243; carousel_md=&#8221;3&#8243; carousel_sm=&#8221;1&#8243; gutter_size=&#8221;1&#8243; carousel_interval=&#8221;3000&#8243; carousel_navspeed=&#8221;400&#8243; carousel_loop=&#8221;yes&#8221; carousel_overflow=&#8221;yes&#8221; carousel_dots=&#8221;yes&#8221; carousel_dots_space=&#8221;yes&#8221; stage_padding=&#8221;15&#8243; single_overlay_opacity=&#8221;50&#8243; single_padding=&#8221;2&#8243; lbox_no_tmb=&#8221;yes&#8221;][\/vc_column][\/vc_row][vc_row][vc_column width=&#8221;1\/1&#8243;][vc_wp_text][\/vc_wp_text][\/vc_column][\/vc_row]<\/p>\n","protected":false},"excerpt":{"rendered":"<p>Ez a Kuba inspir\u00e1lta fot\u00f3sorozat azt mutatja meg, hogy mi t\u00f6rt\u00e9nik akkor, ha a kubai men\u0151s\u00e9gbe egy kev\u00e9s kifinomults\u00e1got injekt\u00e1lunk.<\/p>\n","protected":false},"author":1,"featured_media":80567,"comment_status":"closed","ping_status":"open","sticky":false,"template":"","format":"standard","meta":[],"categories":[95],"tags":[145,94,146,144],"yoast_head":"<!-- This site is optimized with the Yoast SEO plugin v19.2 - https:\/\/yoast.com\/wordpress\/plugins\/seo\/ -->\n<title>Kuba editorial - I Will Wear What I Want<\/title>\n<meta name=\"description\" content=\"Ez a Kuba inspir\u00e1lta fot\u00f3sorozat azt mutatja meg, hogy mi t\u00f6rt\u00e9nik akkor, ha a kubai men\u0151s\u00e9gbe egy kev\u00e9s kifinomults\u00e1got injekt\u00e1lunk.\" \/>\n<meta name=\"robots\" content=\"index, follow, max-snippet:-1, max-image-preview:large, max-video-preview:-1\" \/>\n<link rel=\"canonical\" href=\"https:\/\/krisztinasiska.com\/iwm\/kuba-editorial\/\" \/>\n<meta property=\"og:locale\" content=\"hu_HU\" \/>\n<meta property=\"og:type\" content=\"article\" \/>\n<meta property=\"og:title\" content=\"Kuba editorial - I Will Wear What I Want\" \/>\n<meta property=\"og:description\" content=\"Ez a Kuba inspir\u00e1lta fot\u00f3sorozat azt mutatja meg, hogy mi t\u00f6rt\u00e9nik akkor, ha a kubai men\u0151s\u00e9gbe egy kev\u00e9s kifinomults\u00e1got injekt\u00e1lunk.\" \/>\n<meta property=\"og:url\" content=\"https:\/\/krisztinasiska.com\/iwm\/kuba-editorial\/\" \/>\n<meta property=\"og:site_name\" content=\"I Will Wear What I Want\" \/>\n<meta property=\"article:publisher\" content=\"https:\/\/www.facebook.com\/krisztinasiska.style\/\" \/>\n<meta property=\"article:author\" content=\"https:\/\/www.facebook.com\/krisztinasiska.style\/\" \/>\n<meta property=\"article:published_time\" content=\"2020-06-23T19:48:26+00:00\" \/>\n<meta property=\"article:modified_time\" content=\"2020-07-02T07:27:33+00:00\" \/>\n<meta property=\"og:image\" content=\"https:\/\/krisztinasiska.com\/iwm\/wp-content\/uploads\/2020\/06\/DSC_7248_resize.jpg\" \/>\n\t<meta property=\"og:image:width\" content=\"1920\" \/>\n\t<meta property=\"og:image:height\" content=\"1282\" \/>\n\t<meta property=\"og:image:type\" content=\"image\/jpeg\" \/>\n<meta name=\"author\" content=\"Siska Krisztina\" \/>\n<meta name=\"twitter:card\" content=\"summary_large_image\" \/>\n<meta name=\"twitter:label1\" content=\"Szerz\u0151:\" \/>\n\t<meta name=\"twitter:data1\" content=\"Siska Krisztina\" \/>\n\t<meta name=\"twitter:label2\" content=\"Becs\u00fclt olvas\u00e1si id\u0151\" \/>\n\t<meta name=\"twitter:data2\" content=\"1 perc\" \/>\n<script type=\"application\/ld+json\" class=\"yoast-schema-graph\">{\"@context\":\"https:\/\/schema.org\",\"@graph\":[{\"@type\":\"WebSite\",\"@id\":\"https:\/\/krisztinasiska.com\/iwm\/#website\",\"url\":\"https:\/\/krisztinasiska.com\/iwm\/\",\"name\":\"I Will Wear What I Want\",\"description\":\"Siska Krisztina st\u00edlusmagazinja\",\"publisher\":{\"@id\":\"https:\/\/krisztinasiska.com\/iwm\/#\/schema\/person\/f64c24c77362637319a4223d48f78ef9\"},\"potentialAction\":[{\"@type\":\"SearchAction\",\"target\":{\"@type\":\"EntryPoint\",\"urlTemplate\":\"https:\/\/krisztinasiska.com\/iwm\/?s={search_term_string}\"},\"query-input\":\"required name=search_term_string\"}],\"inLanguage\":\"hu\"},{\"@type\":\"ImageObject\",\"inLanguage\":\"hu\",\"@id\":\"https:\/\/krisztinasiska.com\/iwm\/kuba-editorial\/#primaryimage\",\"url\":\"https:\/\/krisztinasiska.com\/iwm\/wp-content\/uploads\/2020\/06\/DSC_7248_resize.jpg\",\"contentUrl\":\"https:\/\/krisztinasiska.com\/iwm\/wp-content\/uploads\/2020\/06\/DSC_7248_resize.jpg\",\"width\":1920,\"height\":1282},{\"@type\":\"WebPage\",\"@id\":\"https:\/\/krisztinasiska.com\/iwm\/kuba-editorial\/#webpage\",\"url\":\"https:\/\/krisztinasiska.com\/iwm\/kuba-editorial\/\",\"name\":\"Kuba editorial - I Will Wear What I Want\",\"isPartOf\":{\"@id\":\"https:\/\/krisztinasiska.com\/iwm\/#website\"},\"primaryImageOfPage\":{\"@id\":\"https:\/\/krisztinasiska.com\/iwm\/kuba-editorial\/#primaryimage\"},\"datePublished\":\"2020-06-23T19:48:26+00:00\",\"dateModified\":\"2020-07-02T07:27:33+00:00\",\"description\":\"Ez a Kuba inspir\u00e1lta fot\u00f3sorozat azt mutatja meg, hogy mi t\u00f6rt\u00e9nik akkor, ha a kubai men\u0151s\u00e9gbe egy kev\u00e9s kifinomults\u00e1got injekt\u00e1lunk.\",\"breadcrumb\":{\"@id\":\"https:\/\/krisztinasiska.com\/iwm\/kuba-editorial\/#breadcrumb\"},\"inLanguage\":\"hu\",\"potentialAction\":[{\"@type\":\"ReadAction\",\"target\":[\"https:\/\/krisztinasiska.com\/iwm\/kuba-editorial\/\"]}]},{\"@type\":\"BreadcrumbList\",\"@id\":\"https:\/\/krisztinasiska.com\/iwm\/kuba-editorial\/#breadcrumb\",\"itemListElement\":[{\"@type\":\"ListItem\",\"position\":1,\"name\":\"Home\",\"item\":\"https:\/\/krisztinasiska.com\/iwm\/\"},{\"@type\":\"ListItem\",\"position\":2,\"name\":\"Kuba editorial\"}]},{\"@type\":\"Article\",\"@id\":\"https:\/\/krisztinasiska.com\/iwm\/kuba-editorial\/#article\",\"isPartOf\":{\"@id\":\"https:\/\/krisztinasiska.com\/iwm\/kuba-editorial\/#webpage\"},\"author\":{\"name\":\"Siska Krisztina\",\"@id\":\"https:\/\/krisztinasiska.com\/iwm\/#\/schema\/person\/f64c24c77362637319a4223d48f78ef9\"},\"headline\":\"Kuba editorial\",\"datePublished\":\"2020-06-23T19:48:26+00:00\",\"dateModified\":\"2020-07-02T07:27:33+00:00\",\"mainEntityOfPage\":{\"@id\":\"https:\/\/krisztinasiska.com\/iwm\/kuba-editorial\/#webpage\"},\"wordCount\":254,\"publisher\":{\"@id\":\"https:\/\/krisztinasiska.com\/iwm\/#\/schema\/person\/f64c24c77362637319a4223d48f78ef9\"},\"image\":{\"@id\":\"https:\/\/krisztinasiska.com\/iwm\/kuba-editorial\/#primaryimage\"},\"thumbnailUrl\":\"https:\/\/krisztinasiska.com\/iwm\/wp-content\/uploads\/2020\/06\/DSC_7248_resize.jpg\",\"keywords\":[\"divatfot\u00f3\",\"editorial\",\"fashion styling\",\"kuba\"],\"articleSection\":[\"Gal\u00e9ria\"],\"inLanguage\":\"hu\"},{\"@type\":[\"Person\",\"Organization\"],\"@id\":\"https:\/\/krisztinasiska.com\/iwm\/#\/schema\/person\/f64c24c77362637319a4223d48f78ef9\",\"name\":\"Siska Krisztina\",\"image\":{\"@type\":\"ImageObject\",\"inLanguage\":\"hu\",\"@id\":\"https:\/\/krisztinasiska.com\/iwm\/#\/schema\/person\/image\/\",\"url\":\"https:\/\/secure.gravatar.com\/avatar\/cf0df618703e5274ef3068726ef46b1a?s=96&r=g\",\"contentUrl\":\"https:\/\/secure.gravatar.com\/avatar\/cf0df618703e5274ef3068726ef46b1a?s=96&r=g\",\"caption\":\"Siska Krisztina\"},\"logo\":{\"@id\":\"https:\/\/krisztinasiska.com\/iwm\/#\/schema\/person\/image\/\"},\"sameAs\":[\"https:\/\/www.facebook.com\/krisztinasiska.style\/\",\"https:\/\/www.instagram.com\/krisztinasiska_stylist\/\"],\"url\":\"https:\/\/krisztinasiska.com\/iwm\/author\/kriszti\/\"}]}<\/script>\n<!-- \/ Yoast SEO plugin. -->","yoast_head_json":{"title":"Kuba editorial - I Will Wear What I Want","description":"Ez a Kuba inspir\u00e1lta fot\u00f3sorozat azt mutatja meg, hogy mi t\u00f6rt\u00e9nik akkor, ha a kubai men\u0151s\u00e9gbe egy kev\u00e9s kifinomults\u00e1got injekt\u00e1lunk.","robots":{"index":"index","follow":"follow","max-snippet":"max-snippet:-1","max-image-preview":"max-image-preview:large","max-video-preview":"max-video-preview:-1"},"canonical":"https:\/\/krisztinasiska.com\/iwm\/kuba-editorial\/","og_locale":"hu_HU","og_type":"article","og_title":"Kuba editorial - I Will Wear What I Want","og_description":"Ez a Kuba inspir\u00e1lta fot\u00f3sorozat azt mutatja meg, hogy mi t\u00f6rt\u00e9nik akkor, ha a kubai men\u0151s\u00e9gbe egy kev\u00e9s kifinomults\u00e1got injekt\u00e1lunk.","og_url":"https:\/\/krisztinasiska.com\/iwm\/kuba-editorial\/","og_site_name":"I Will Wear What I Want","article_publisher":"https:\/\/www.facebook.com\/krisztinasiska.style\/","article_author":"https:\/\/www.facebook.com\/krisztinasiska.style\/","article_published_time":"2020-06-23T19:48:26+00:00","article_modified_time":"2020-07-02T07:27:33+00:00","og_image":[{"width":1920,"height":1282,"url":"https:\/\/krisztinasiska.com\/iwm\/wp-content\/uploads\/2020\/06\/DSC_7248_resize.jpg","type":"image\/jpeg"}],"author":"Siska Krisztina","twitter_card":"summary_large_image","twitter_misc":{"Szerz\u0151:":"Siska Krisztina","Becs\u00fclt olvas\u00e1si id\u0151":"1 perc"},"schema":{"@context":"https:\/\/schema.org","@graph":[{"@type":"WebSite","@id":"https:\/\/krisztinasiska.com\/iwm\/#website","url":"https:\/\/krisztinasiska.com\/iwm\/","name":"I Will Wear What I Want","description":"Siska Krisztina st\u00edlusmagazinja","publisher":{"@id":"https:\/\/krisztinasiska.com\/iwm\/#\/schema\/person\/f64c24c77362637319a4223d48f78ef9"},"potentialAction":[{"@type":"SearchAction","target":{"@type":"EntryPoint","urlTemplate":"https:\/\/krisztinasiska.com\/iwm\/?s={search_term_string}"},"query-input":"required name=search_term_string"}],"inLanguage":"hu"},{"@type":"ImageObject","inLanguage":"hu","@id":"https:\/\/krisztinasiska.com\/iwm\/kuba-editorial\/#primaryimage","url":"https:\/\/krisztinasiska.com\/iwm\/wp-content\/uploads\/2020\/06\/DSC_7248_resize.jpg","contentUrl":"https:\/\/krisztinasiska.com\/iwm\/wp-content\/uploads\/2020\/06\/DSC_7248_resize.jpg","width":1920,"height":1282},{"@type":"WebPage","@id":"https:\/\/krisztinasiska.com\/iwm\/kuba-editorial\/#webpage","url":"https:\/\/krisztinasiska.com\/iwm\/kuba-editorial\/","name":"Kuba editorial - I Will Wear What I Want","isPartOf":{"@id":"https:\/\/krisztinasiska.com\/iwm\/#website"},"primaryImageOfPage":{"@id":"https:\/\/krisztinasiska.com\/iwm\/kuba-editorial\/#primaryimage"},"datePublished":"2020-06-23T19:48:26+00:00","dateModified":"2020-07-02T07:27:33+00:00","description":"Ez a Kuba inspir\u00e1lta fot\u00f3sorozat azt mutatja meg, hogy mi t\u00f6rt\u00e9nik akkor, ha a kubai men\u0151s\u00e9gbe egy kev\u00e9s kifinomults\u00e1got injekt\u00e1lunk.","breadcrumb":{"@id":"https:\/\/krisztinasiska.com\/iwm\/kuba-editorial\/#breadcrumb"},"inLanguage":"hu","potentialAction":[{"@type":"ReadAction","target":["https:\/\/krisztinasiska.com\/iwm\/kuba-editorial\/"]}]},{"@type":"BreadcrumbList","@id":"https:\/\/krisztinasiska.com\/iwm\/kuba-editorial\/#breadcrumb","itemListElement":[{"@type":"ListItem","position":1,"name":"Home","item":"https:\/\/krisztinasiska.com\/iwm\/"},{"@type":"ListItem","position":2,"name":"Kuba editorial"}]},{"@type":"Article","@id":"https:\/\/krisztinasiska.com\/iwm\/kuba-editorial\/#article","isPartOf":{"@id":"https:\/\/krisztinasiska.com\/iwm\/kuba-editorial\/#webpage"},"author":{"name":"Siska Krisztina","@id":"https:\/\/krisztinasiska.com\/iwm\/#\/schema\/person\/f64c24c77362637319a4223d48f78ef9"},"headline":"Kuba editorial","datePublished":"2020-06-23T19:48:26+00:00","dateModified":"2020-07-02T07:27:33+00:00","mainEntityOfPage":{"@id":"https:\/\/krisztinasiska.com\/iwm\/kuba-editorial\/#webpage"},"wordCount":254,"publisher":{"@id":"https:\/\/krisztinasiska.com\/iwm\/#\/schema\/person\/f64c24c77362637319a4223d48f78ef9"},"image":{"@id":"https:\/\/krisztinasiska.com\/iwm\/kuba-editorial\/#primaryimage"},"thumbnailUrl":"https:\/\/krisztinasiska.com\/iwm\/wp-content\/uploads\/2020\/06\/DSC_7248_resize.jpg","keywords":["divatfot\u00f3","editorial","fashion styling","kuba"],"articleSection":["Gal\u00e9ria"],"inLanguage":"hu"},{"@type":["Person","Organization"],"@id":"https:\/\/krisztinasiska.com\/iwm\/#\/schema\/person\/f64c24c77362637319a4223d48f78ef9","name":"Siska Krisztina","image":{"@type":"ImageObject","inLanguage":"hu","@id":"https:\/\/krisztinasiska.com\/iwm\/#\/schema\/person\/image\/","url":"https:\/\/secure.gravatar.com\/avatar\/cf0df618703e5274ef3068726ef46b1a?s=96&r=g","contentUrl":"https:\/\/secure.gravatar.com\/avatar\/cf0df618703e5274ef3068726ef46b1a?s=96&r=g","caption":"Siska Krisztina"},"logo":{"@id":"https:\/\/krisztinasiska.com\/iwm\/#\/schema\/person\/image\/"},"sameAs":["https:\/\/www.facebook.com\/krisztinasiska.style\/","https:\/\/www.instagram.com\/krisztinasiska_stylist\/"],"url":"https:\/\/krisztinasiska.com\/iwm\/author\/kriszti\/"}]}},"_links":{"self":[{"href":"https:\/\/krisztinasiska.com\/iwm\/wp-json\/wp\/v2\/posts\/80544"}],"collection":[{"href":"https:\/\/krisztinasiska.com\/iwm\/wp-json\/wp\/v2\/posts"}],"about":[{"href":"https:\/\/krisztinasiska.com\/iwm\/wp-json\/wp\/v2\/types\/post"}],"author":[{"embeddable":true,"href":"https:\/\/krisztinasiska.com\/iwm\/wp-json\/wp\/v2\/users\/1"}],"replies":[{"embeddable":true,"href":"https:\/\/krisztinasiska.com\/iwm\/wp-json\/wp\/v2\/comments?post=80544"}],"version-history":[{"count":27,"href":"https:\/\/krisztinasiska.com\/iwm\/wp-json\/wp\/v2\/posts\/80544\/revisions"}],"predecessor-version":[{"id":80609,"href":"https:\/\/krisztinasiska.com\/iwm\/wp-json\/wp\/v2\/posts\/80544\/revisions\/80609"}],"wp:featuredmedia":[{"embeddable":true,"href":"https:\/\/krisztinasiska.com\/iwm\/wp-json\/wp\/v2\/media\/80567"}],"wp:attachment":[{"href":"https:\/\/krisztinasiska.com\/iwm\/wp-json\/wp\/v2\/media?parent=80544"}],"wp:term":[{"taxonomy":"category","embeddable":true,"href":"https:\/\/krisztinasiska.com\/iwm\/wp-json\/wp\/v2\/categories?post=80544"},{"taxonomy":"post_tag","embeddable":true,"href":"https:\/\/krisztinasiska.com\/iwm\/wp-json\/wp\/v2\/tags?post=80544"}],"curies":[{"name":"wp","href":"https:\/\/api.w.org\/{rel}","templated":true}]}}